{"id":12010,"date":"2019-02-14T14:35:54","date_gmt":"2019-02-14T14:35:54","guid":{"rendered":"https:\/\/stcolmcillens.scoilnet.ie\/blog\/?p=12010"},"modified":"2019-02-14T14:35:54","modified_gmt":"2019-02-14T14:35:54","slug":"seachtain-cairdeas-friendship-week","status":"publish","type":"post","link":"http:\/\/stcolmcillens.ie\/index.php\/2019\/02\/14\/seachtain-cairdeas-friendship-week\/","title":{"rendered":"Seachtain Cairdeas \/ Friendship Week"},"content":{"rendered":"<p>Beimid ag ceili\u00faradh seachtain cairdeas an tseachtain seo. Beidh gach rang ag glacadh p\u00e1irt. Beidh siad ag foghlaim faoi conas a bheith mar cairde maithe agus ag glacadh p\u00e1irt i gn\u00edomha\u00edochta\u00ed \u00e9ags\u00fala.<\/p>\n<p><em>We are celebrating friendship week this week. Every class will be taking part. They will be learning what it means to be a good friend and completing various activities.<\/em><\/p>\n<p>&nbsp;<\/p>\n","protected":false},"excerpt":{"rendered":"<p>Beimid ag ceili\u00faradh seachtain cairdeas an tseachtain seo. Beidh gach rang ag glacadh p\u00e1irt. Beidh siad ag foghlaim faoi conas a bheith mar cairde maithe [&hellip;]<\/p>\n","protected":false},"author":4,"featured_media":0,"comment_status":"closed","ping_status":"closed","sticky":false,"template":"","format":"standard","meta":{"footnotes":""},"categories":[2],"tags":[],"class_list":["post-12010","post","type-post","status-publish","format-standard","hentry","category-news"],"_links":{"self":[{"href":"http:\/\/stcolmcillens.ie\/index.php\/wp-json\/wp\/v2\/posts\/12010"}],"collection":[{"href":"http:\/\/stcolmcillens.ie\/index.php\/wp-json\/wp\/v2\/posts"}],"about":[{"href":"http:\/\/stcolmcillens.ie\/index.php\/wp-json\/wp\/v2\/types\/post"}],"author":[{"embeddable":true,"href":"http:\/\/stcolmcillens.ie\/index.php\/wp-json\/wp\/v2\/users\/4"}],"replies":[{"embeddable":true,"href":"http:\/\/stcolmcillens.ie\/index.php\/wp-json\/wp\/v2\/comments?post=12010"}],"version-history":[{"count":0,"href":"http:\/\/stcolmcillens.ie\/index.php\/wp-json\/wp\/v2\/posts\/12010\/revisions"}],"wp:attachment":[{"href":"http:\/\/stcolmcillens.ie\/index.php\/wp-json\/wp\/v2\/media?parent=12010"}],"wp:term":[{"taxonomy":"category","embeddable":true,"href":"http:\/\/stcolmcillens.ie\/index.php\/wp-json\/wp\/v2\/categories?post=12010"},{"taxonomy":"post_tag","embeddable":true,"href":"http:\/\/stcolmcillens.ie\/index.php\/wp-json\/wp\/v2\/tags?post=12010"}],"curies":[{"name":"wp","href":"https:\/\/api.w.org\/{rel}","templated":true}]}}